{"id":4195,"date":"2023-03-09T11:05:21","date_gmt":"2023-03-09T10:05:21","guid":{"rendered":"https:\/\/infojeunes09.fr\/?p=4195"},"modified":"2023-03-15T15:52:58","modified_gmt":"2023-03-15T14:52:58","slug":"podcasts","status":"publish","type":"post","link":"https:\/\/infojeunes09.fr\/index.php\/2023\/03\/09\/podcasts\/","title":{"rendered":"Vivre sa jeunesse entre Foix et Lom\u00e9 &#8211; Podcast"},"content":{"rendered":"\n<figure class=\"wp-block-image size-large is-style-default\"><img fetchpriority=\"high\" decoding=\"async\" width=\"1024\" height=\"1024\" src=\"https:\/\/infojeunes09.fr\/wp-content\/uploads\/2023\/03\/Podcast-1024x1024.jpg\" alt=\"\" class=\"wp-image-4231\" srcset=\"https:\/\/infojeunes09.fr\/wp-content\/uploads\/2023\/03\/Podcast-1024x1024.jpg 1024w, https:\/\/infojeunes09.fr\/wp-content\/uploads\/2023\/03\/Podcast-300x300.jpg 300w, https:\/\/infojeunes09.fr\/wp-content\/uploads\/2023\/03\/Podcast-150x150.jpg 150w, https:\/\/infojeunes09.fr\/wp-content\/uploads\/2023\/03\/Podcast-768x768.jpg 768w, https:\/\/infojeunes09.fr\/wp-content\/uploads\/2023\/03\/Podcast-100x100.jpg 100w, https:\/\/infojeunes09.fr\/wp-content\/uploads\/2023\/03\/Podcast-250x250.jpg 250w, https:\/\/infojeunes09.fr\/wp-content\/uploads\/2023\/03\/Podcast-350x350.jpg 350w, https:\/\/infojeunes09.fr\/wp-content\/uploads\/2023\/03\/Podcast.jpg 1080w\" sizes=\"(max-width: 706px) 89vw, (max-width: 767px) 82vw, 740px\" \/><\/figure>\n\n\n\n<p>Dans le cadre du projet d&rsquo;Initiative \u00e0 la Solidarit\u00e9 Internationale \u00ab<strong>Vivre sa jeunesse entre Foix et Lom\u00e9<\/strong>\u00bb, financ\u00e9 par le FONJEP, InfoJeunes09 a donn\u00e9 la parole \u00e0 des jeunes Togolais et Ari\u00e9geois afin qu&rsquo;ils puissent donner leur avis sur la vie des jeunes dans leur pays respectifs. Ces diff\u00e9rents t\u00e9moignages compil\u00e9s en podcast ont pour but de cr\u00e9er un lien entre la jeunesse togolaise et la jeunesse ari\u00e9geoise (17-27 ans). Nous vous proposons d&rsquo;\u00e9couter quelques extraits de ces t\u00e9moignages. <\/p>\n\n\n\n<p><\/p>\n\n\n\n<figure class=\"wp-block-audio\"><audio controls src=\"https:\/\/www.infojeunes09.fr\/media\/bande_son_emmanuel.wav\"><\/audio><figcaption><strong>Vivre sa jeunesse entre Foix et Lom\u00e9<\/strong><\/figcaption><\/figure>\n\n\n\n<figure class=\"wp-block-audio\"><audio controls src=\"http:\/\/www.infojeunes09.fr\/media\/brayan.wav\"><\/audio><figcaption><strong>T\u00e9moignage des jeunes Ari\u00e9geois<\/strong> (Bryan)<\/figcaption><\/figure>\n\n\n\n<figure class=\"wp-block-audio\"><audio controls src=\"http:\/\/www.infojeunes09.fr\/media\/gloria.wav\"><\/audio><figcaption><strong>T\u00e9moignage des jeunes du Togo<\/strong> (Gloria)<\/figcaption><\/figure>\n\n\n\n<figure class=\"wp-block-audio\"><audio controls src=\"http:\/\/www.infojeunes09.fr\/media\/josephine_togo.m4a\"><\/audio><figcaption><strong>T\u00e9moignage des jeunes <strong>du Togo<\/strong><\/strong> (Jos\u00e9phine)<\/figcaption><\/figure>\n\n\n\n<figure class=\"wp-block-audio\"><audio controls src=\"http:\/\/www.infojeunes09.fr\/media\/marilou.wav\"><\/audio><figcaption><strong>T\u00e9moignage des jeunes Ari\u00e9geois<\/strong> (Marilou)<\/figcaption><\/figure>\n\n\n\n<figure class=\"wp-block-audio\"><audio controls src=\"http:\/\/www.infojeunes09.fr\/media\/mateo.wav\"><\/audio><figcaption><strong>T\u00e9moignage des jeunes Ari\u00e9geois<\/strong> (Mat\u00e9o)<\/figcaption><\/figure>\n\n\n\n<div class=\"wp-block-columns is-layout-flex wp-container-core-columns-is-layout-9d6595d7 wp-block-columns-is-layout-flex\">\n<div class=\"wp-block-column is-layout-flow wp-block-column-is-layout-flow\"><\/div>\n<\/div>\n\n\n\n<div class=\"wp-block-columns is-layout-flex wp-container-core-columns-is-layout-9d6595d7 wp-block-columns-is-layout-flex\">\n<div class=\"wp-block-column is-layout-flow wp-block-column-is-layout-flow\">\n<figure class=\"wp-block-table\"><table><tbody><tr><td class=\"has-text-align-center\" data-align=\"center\"><img decoding=\"async\" style=\"width: 200px;\" src=\"https:\/\/infojeunes09.fr\/wp-content\/uploads\/2023\/03\/fonjep.png\" alt=\"\">      <img decoding=\"async\" src=\"https:\/\/infojeunes09.fr\/wp-content\/uploads\/2023\/03\/isi_international.jpg\" alt=\"\" width=\"97\" height=\"88\">    <img decoding=\"async\" src=\"https:\/\/infojeunes09.fr\/wp-content\/uploads\/2022\/07\/logo-bleu-Agglo-Foix-Varilhes-et-ariege@2x.png\" alt=\"logo InfoJeunes Agglo Foix-Varilhes et ari\u00e8ge\" width=\"200\" height=\"100\"><\/td><\/tr><\/tbody><\/table><\/figure>\n<\/div>\n<\/div>\n\n\n\n<p><\/p>\n","protected":false},"excerpt":{"rendered":"<p>Dans le cadre du projet d&rsquo;Initiative \u00e0 la Solidarit\u00e9 Internationale \u00abVivre sa jeunesse entre Foix et Lom\u00e9\u00bb, financ\u00e9 par le FONJEP, InfoJeunes09 a donn\u00e9 la parole \u00e0 des jeunes Togolais et Ari\u00e9geois afin qu&rsquo;ils puissent donner leur avis sur la vie des jeunes dans leur pays respectifs. Ces diff\u00e9rents t\u00e9moignages compil\u00e9s en podcast ont pour &hellip; <\/p>\n<p class=\"link-more\"><a href=\"https:\/\/infojeunes09.fr\/index.php\/2023\/03\/09\/podcasts\/\" class=\"more-link\">Continuer la lecture<span class=\"screen-reader-text\"> de &laquo;&nbsp;Vivre sa jeunesse entre Foix et Lom\u00e9 &#8211; Podcast&nbsp;&raquo;<\/span><\/a><\/p>\n","protected":false},"author":1,"featured_media":4231,"comment_status":"closed","ping_status":"closed","sticky":false,"template":"","format":"standard","meta":{"_bbp_topic_count":0,"_bbp_reply_count":0,"_bbp_total_topic_count":0,"_bbp_total_reply_count":0,"_bbp_voice_count":0,"_bbp_anonymous_reply_count":0,"_bbp_topic_count_hidden":0,"_bbp_reply_count_hidden":0,"_bbp_forum_subforum_count":0,"footnotes":""},"categories":[2],"tags":[],"class_list":["post-4195","post","type-post","status-publish","format-standard","has-post-thumbnail","hentry","category-infos"],"yoast_head":"<!-- This site is optimized with the Yoast SEO plugin v27.0 - https:\/\/yoast.com\/product\/yoast-seo-wordpress\/ -->\n<title>Vivre sa jeunesse entre Foix et Lom\u00e9 - Podcast - InfoJeunes Ari\u00e8ge et Agglo Foix-Varilhes<\/title>\n<meta name=\"robots\" content=\"index, follow, max-snippet:-1, max-image-preview:large, max-video-preview:-1\" \/>\n<link rel=\"canonical\" href=\"https:\/\/infojeunes09.fr\/index.php\/2023\/03\/09\/podcasts\/\" \/>\n<meta property=\"og:locale\" content=\"fr_FR\" \/>\n<meta property=\"og:type\" content=\"article\" \/>\n<meta property=\"og:title\" content=\"Vivre sa jeunesse entre Foix et Lom\u00e9 - Podcast - InfoJeunes Ari\u00e8ge et Agglo Foix-Varilhes\" \/>\n<meta property=\"og:description\" content=\"Dans le cadre du projet d&rsquo;Initiative \u00e0 la Solidarit\u00e9 Internationale \u00abVivre sa jeunesse entre Foix et Lom\u00e9\u00bb, financ\u00e9 par le FONJEP, InfoJeunes09 a donn\u00e9 la parole \u00e0 des jeunes Togolais et Ari\u00e9geois afin qu&rsquo;ils puissent donner leur avis sur la vie des jeunes dans leur pays respectifs. Ces diff\u00e9rents t\u00e9moignages compil\u00e9s en podcast ont pour &hellip; Continuer la lecture de &laquo;&nbsp;Vivre sa jeunesse entre Foix et Lom\u00e9 &#8211; Podcast&nbsp;&raquo;\" \/>\n<meta property=\"og:url\" content=\"https:\/\/infojeunes09.fr\/index.php\/2023\/03\/09\/podcasts\/\" \/>\n<meta property=\"og:site_name\" content=\"InfoJeunes Ari\u00e8ge et Agglo Foix-Varilhes\" \/>\n<meta property=\"article:publisher\" content=\"https:\/\/www.facebook.com\/Infojeunes09\/\" \/>\n<meta property=\"article:published_time\" content=\"2023-03-09T10:05:21+00:00\" \/>\n<meta property=\"article:modified_time\" content=\"2023-03-15T14:52:58+00:00\" \/>\n<meta property=\"og:image\" content=\"https:\/\/infojeunes09.fr\/wp-content\/uploads\/2023\/03\/Podcast.jpg\" \/>\n\t<meta property=\"og:image:width\" content=\"1080\" \/>\n\t<meta property=\"og:image:height\" content=\"1080\" \/>\n\t<meta property=\"og:image:type\" content=\"image\/jpeg\" \/>\n<meta name=\"author\" content=\"Infojeunes09\" \/>\n<meta name=\"twitter:card\" content=\"summary_large_image\" \/>\n<meta name=\"twitter:label1\" content=\"\u00c9crit par\" \/>\n\t<meta name=\"twitter:data1\" content=\"Infojeunes09\" \/>\n\t<meta name=\"twitter:label2\" content=\"Dur\u00e9e de lecture estim\u00e9e\" \/>\n\t<meta name=\"twitter:data2\" content=\"2 minutes\" \/>\n<script type=\"application\/ld+json\" class=\"yoast-schema-graph\">{\"@context\":\"https:\/\/schema.org\",\"@graph\":[{\"@type\":\"Article\",\"@id\":\"https:\/\/infojeunes09.fr\/index.php\/2023\/03\/09\/podcasts\/#article\",\"isPartOf\":{\"@id\":\"https:\/\/infojeunes09.fr\/index.php\/2023\/03\/09\/podcasts\/\"},\"author\":{\"name\":\"Infojeunes09\",\"@id\":\"https:\/\/infojeunes09.fr\/#\/schema\/person\/f76a5cc020b21770b2f833505605e588\"},\"headline\":\"Vivre sa jeunesse entre Foix et Lom\u00e9 &#8211; Podcast\",\"datePublished\":\"2023-03-09T10:05:21+00:00\",\"dateModified\":\"2023-03-15T14:52:58+00:00\",\"mainEntityOfPage\":{\"@id\":\"https:\/\/infojeunes09.fr\/index.php\/2023\/03\/09\/podcasts\/\"},\"wordCount\":138,\"publisher\":{\"@id\":\"https:\/\/infojeunes09.fr\/#organization\"},\"image\":{\"@id\":\"https:\/\/infojeunes09.fr\/index.php\/2023\/03\/09\/podcasts\/#primaryimage\"},\"thumbnailUrl\":\"https:\/\/infojeunes09.fr\/wp-content\/uploads\/2023\/03\/Podcast.jpg\",\"articleSection\":[\"Infos\"],\"inLanguage\":\"fr-FR\"},{\"@type\":\"WebPage\",\"@id\":\"https:\/\/infojeunes09.fr\/index.php\/2023\/03\/09\/podcasts\/\",\"url\":\"https:\/\/infojeunes09.fr\/index.php\/2023\/03\/09\/podcasts\/\",\"name\":\"Vivre sa jeunesse entre Foix et Lom\u00e9 - Podcast - InfoJeunes Ari\u00e8ge et Agglo Foix-Varilhes\",\"isPartOf\":{\"@id\":\"https:\/\/infojeunes09.fr\/#website\"},\"primaryImageOfPage\":{\"@id\":\"https:\/\/infojeunes09.fr\/index.php\/2023\/03\/09\/podcasts\/#primaryimage\"},\"image\":{\"@id\":\"https:\/\/infojeunes09.fr\/index.php\/2023\/03\/09\/podcasts\/#primaryimage\"},\"thumbnailUrl\":\"https:\/\/infojeunes09.fr\/wp-content\/uploads\/2023\/03\/Podcast.jpg\",\"datePublished\":\"2023-03-09T10:05:21+00:00\",\"dateModified\":\"2023-03-15T14:52:58+00:00\",\"breadcrumb\":{\"@id\":\"https:\/\/infojeunes09.fr\/index.php\/2023\/03\/09\/podcasts\/#breadcrumb\"},\"inLanguage\":\"fr-FR\",\"potentialAction\":[{\"@type\":\"ReadAction\",\"target\":[\"https:\/\/infojeunes09.fr\/index.php\/2023\/03\/09\/podcasts\/\"]}]},{\"@type\":\"ImageObject\",\"inLanguage\":\"fr-FR\",\"@id\":\"https:\/\/infojeunes09.fr\/index.php\/2023\/03\/09\/podcasts\/#primaryimage\",\"url\":\"https:\/\/infojeunes09.fr\/wp-content\/uploads\/2023\/03\/Podcast.jpg\",\"contentUrl\":\"https:\/\/infojeunes09.fr\/wp-content\/uploads\/2023\/03\/Podcast.jpg\",\"width\":1080,\"height\":1080},{\"@type\":\"BreadcrumbList\",\"@id\":\"https:\/\/infojeunes09.fr\/index.php\/2023\/03\/09\/podcasts\/#breadcrumb\",\"itemListElement\":[{\"@type\":\"ListItem\",\"position\":1,\"name\":\"Accueil\",\"item\":\"https:\/\/infojeunes09.fr\/\"},{\"@type\":\"ListItem\",\"position\":2,\"name\":\"Vivre sa jeunesse entre Foix et Lom\u00e9 &#8211; Podcast\"}]},{\"@type\":\"WebSite\",\"@id\":\"https:\/\/infojeunes09.fr\/#website\",\"url\":\"https:\/\/infojeunes09.fr\/\",\"name\":\"InfoJeunes Ari\u00e8ge et Agglo Foix-Varilhes\",\"description\":\"Explorer les possibles\",\"publisher\":{\"@id\":\"https:\/\/infojeunes09.fr\/#organization\"},\"potentialAction\":[{\"@type\":\"SearchAction\",\"target\":{\"@type\":\"EntryPoint\",\"urlTemplate\":\"https:\/\/infojeunes09.fr\/?s={search_term_string}\"},\"query-input\":{\"@type\":\"PropertyValueSpecification\",\"valueRequired\":true,\"valueName\":\"search_term_string\"}}],\"inLanguage\":\"fr-FR\"},{\"@type\":\"Organization\",\"@id\":\"https:\/\/infojeunes09.fr\/#organization\",\"name\":\"InfoJeunes Agglo Foix-Varilhes et Ari\u00e8ge\",\"url\":\"https:\/\/infojeunes09.fr\/\",\"logo\":{\"@type\":\"ImageObject\",\"inLanguage\":\"fr-FR\",\"@id\":\"https:\/\/infojeunes09.fr\/#\/schema\/logo\/image\/\",\"url\":\"https:\/\/infojeunes09.fr\/wp-content\/uploads\/2022\/07\/logo-bleu-Agglo-Foix-Varilhes-et-ariege@2x.png\",\"contentUrl\":\"https:\/\/infojeunes09.fr\/wp-content\/uploads\/2022\/07\/logo-bleu-Agglo-Foix-Varilhes-et-ariege@2x.png\",\"width\":800,\"height\":400,\"caption\":\"InfoJeunes Agglo Foix-Varilhes et Ari\u00e8ge\"},\"image\":{\"@id\":\"https:\/\/infojeunes09.fr\/#\/schema\/logo\/image\/\"},\"sameAs\":[\"https:\/\/www.facebook.com\/Infojeunes09\/\",\"https:\/\/www.instagram.com\/infojeunes09\/\"]},{\"@type\":\"Person\",\"@id\":\"https:\/\/infojeunes09.fr\/#\/schema\/person\/f76a5cc020b21770b2f833505605e588\",\"name\":\"Infojeunes09\",\"sameAs\":[\"http:\/\/infojeunes09.org\"],\"url\":\"https:\/\/infojeunes09.fr\/index.php\/author\/admin4815\/\"}]}<\/script>\n<!-- \/ Yoast SEO plugin. -->","yoast_head_json":{"title":"Vivre sa jeunesse entre Foix et Lom\u00e9 - Podcast - InfoJeunes Ari\u00e8ge et Agglo Foix-Varilhes","robots":{"index":"index","follow":"follow","max-snippet":"max-snippet:-1","max-image-preview":"max-image-preview:large","max-video-preview":"max-video-preview:-1"},"canonical":"https:\/\/infojeunes09.fr\/index.php\/2023\/03\/09\/podcasts\/","og_locale":"fr_FR","og_type":"article","og_title":"Vivre sa jeunesse entre Foix et Lom\u00e9 - Podcast - InfoJeunes Ari\u00e8ge et Agglo Foix-Varilhes","og_description":"Dans le cadre du projet d&rsquo;Initiative \u00e0 la Solidarit\u00e9 Internationale \u00abVivre sa jeunesse entre Foix et Lom\u00e9\u00bb, financ\u00e9 par le FONJEP, InfoJeunes09 a donn\u00e9 la parole \u00e0 des jeunes Togolais et Ari\u00e9geois afin qu&rsquo;ils puissent donner leur avis sur la vie des jeunes dans leur pays respectifs. Ces diff\u00e9rents t\u00e9moignages compil\u00e9s en podcast ont pour &hellip; Continuer la lecture de &laquo;&nbsp;Vivre sa jeunesse entre Foix et Lom\u00e9 &#8211; Podcast&nbsp;&raquo;","og_url":"https:\/\/infojeunes09.fr\/index.php\/2023\/03\/09\/podcasts\/","og_site_name":"InfoJeunes Ari\u00e8ge et Agglo Foix-Varilhes","article_publisher":"https:\/\/www.facebook.com\/Infojeunes09\/","article_published_time":"2023-03-09T10:05:21+00:00","article_modified_time":"2023-03-15T14:52:58+00:00","og_image":[{"width":1080,"height":1080,"url":"https:\/\/infojeunes09.fr\/wp-content\/uploads\/2023\/03\/Podcast.jpg","type":"image\/jpeg"}],"author":"Infojeunes09","twitter_card":"summary_large_image","twitter_misc":{"\u00c9crit par":"Infojeunes09","Dur\u00e9e de lecture estim\u00e9e":"2 minutes"},"schema":{"@context":"https:\/\/schema.org","@graph":[{"@type":"Article","@id":"https:\/\/infojeunes09.fr\/index.php\/2023\/03\/09\/podcasts\/#article","isPartOf":{"@id":"https:\/\/infojeunes09.fr\/index.php\/2023\/03\/09\/podcasts\/"},"author":{"name":"Infojeunes09","@id":"https:\/\/infojeunes09.fr\/#\/schema\/person\/f76a5cc020b21770b2f833505605e588"},"headline":"Vivre sa jeunesse entre Foix et Lom\u00e9 &#8211; Podcast","datePublished":"2023-03-09T10:05:21+00:00","dateModified":"2023-03-15T14:52:58+00:00","mainEntityOfPage":{"@id":"https:\/\/infojeunes09.fr\/index.php\/2023\/03\/09\/podcasts\/"},"wordCount":138,"publisher":{"@id":"https:\/\/infojeunes09.fr\/#organization"},"image":{"@id":"https:\/\/infojeunes09.fr\/index.php\/2023\/03\/09\/podcasts\/#primaryimage"},"thumbnailUrl":"https:\/\/infojeunes09.fr\/wp-content\/uploads\/2023\/03\/Podcast.jpg","articleSection":["Infos"],"inLanguage":"fr-FR"},{"@type":"WebPage","@id":"https:\/\/infojeunes09.fr\/index.php\/2023\/03\/09\/podcasts\/","url":"https:\/\/infojeunes09.fr\/index.php\/2023\/03\/09\/podcasts\/","name":"Vivre sa jeunesse entre Foix et Lom\u00e9 - Podcast - InfoJeunes Ari\u00e8ge et Agglo Foix-Varilhes","isPartOf":{"@id":"https:\/\/infojeunes09.fr\/#website"},"primaryImageOfPage":{"@id":"https:\/\/infojeunes09.fr\/index.php\/2023\/03\/09\/podcasts\/#primaryimage"},"image":{"@id":"https:\/\/infojeunes09.fr\/index.php\/2023\/03\/09\/podcasts\/#primaryimage"},"thumbnailUrl":"https:\/\/infojeunes09.fr\/wp-content\/uploads\/2023\/03\/Podcast.jpg","datePublished":"2023-03-09T10:05:21+00:00","dateModified":"2023-03-15T14:52:58+00:00","breadcrumb":{"@id":"https:\/\/infojeunes09.fr\/index.php\/2023\/03\/09\/podcasts\/#breadcrumb"},"inLanguage":"fr-FR","potentialAction":[{"@type":"ReadAction","target":["https:\/\/infojeunes09.fr\/index.php\/2023\/03\/09\/podcasts\/"]}]},{"@type":"ImageObject","inLanguage":"fr-FR","@id":"https:\/\/infojeunes09.fr\/index.php\/2023\/03\/09\/podcasts\/#primaryimage","url":"https:\/\/infojeunes09.fr\/wp-content\/uploads\/2023\/03\/Podcast.jpg","contentUrl":"https:\/\/infojeunes09.fr\/wp-content\/uploads\/2023\/03\/Podcast.jpg","width":1080,"height":1080},{"@type":"BreadcrumbList","@id":"https:\/\/infojeunes09.fr\/index.php\/2023\/03\/09\/podcasts\/#breadcrumb","itemListElement":[{"@type":"ListItem","position":1,"name":"Accueil","item":"https:\/\/infojeunes09.fr\/"},{"@type":"ListItem","position":2,"name":"Vivre sa jeunesse entre Foix et Lom\u00e9 &#8211; Podcast"}]},{"@type":"WebSite","@id":"https:\/\/infojeunes09.fr\/#website","url":"https:\/\/infojeunes09.fr\/","name":"InfoJeunes Ari\u00e8ge et Agglo Foix-Varilhes","description":"Explorer les possibles","publisher":{"@id":"https:\/\/infojeunes09.fr\/#organization"},"potentialAction":[{"@type":"SearchAction","target":{"@type":"EntryPoint","urlTemplate":"https:\/\/infojeunes09.fr\/?s={search_term_string}"},"query-input":{"@type":"PropertyValueSpecification","valueRequired":true,"valueName":"search_term_string"}}],"inLanguage":"fr-FR"},{"@type":"Organization","@id":"https:\/\/infojeunes09.fr\/#organization","name":"InfoJeunes Agglo Foix-Varilhes et Ari\u00e8ge","url":"https:\/\/infojeunes09.fr\/","logo":{"@type":"ImageObject","inLanguage":"fr-FR","@id":"https:\/\/infojeunes09.fr\/#\/schema\/logo\/image\/","url":"https:\/\/infojeunes09.fr\/wp-content\/uploads\/2022\/07\/logo-bleu-Agglo-Foix-Varilhes-et-ariege@2x.png","contentUrl":"https:\/\/infojeunes09.fr\/wp-content\/uploads\/2022\/07\/logo-bleu-Agglo-Foix-Varilhes-et-ariege@2x.png","width":800,"height":400,"caption":"InfoJeunes Agglo Foix-Varilhes et Ari\u00e8ge"},"image":{"@id":"https:\/\/infojeunes09.fr\/#\/schema\/logo\/image\/"},"sameAs":["https:\/\/www.facebook.com\/Infojeunes09\/","https:\/\/www.instagram.com\/infojeunes09\/"]},{"@type":"Person","@id":"https:\/\/infojeunes09.fr\/#\/schema\/person\/f76a5cc020b21770b2f833505605e588","name":"Infojeunes09","sameAs":["http:\/\/infojeunes09.org"],"url":"https:\/\/infojeunes09.fr\/index.php\/author\/admin4815\/"}]}},"_links":{"self":[{"href":"https:\/\/infojeunes09.fr\/index.php\/wp-json\/wp\/v2\/posts\/4195","targetHints":{"allow":["GET"]}}],"collection":[{"href":"https:\/\/infojeunes09.fr\/index.php\/wp-json\/wp\/v2\/posts"}],"about":[{"href":"https:\/\/infojeunes09.fr\/index.php\/wp-json\/wp\/v2\/types\/post"}],"author":[{"embeddable":true,"href":"https:\/\/infojeunes09.fr\/index.php\/wp-json\/wp\/v2\/users\/1"}],"replies":[{"embeddable":true,"href":"https:\/\/infojeunes09.fr\/index.php\/wp-json\/wp\/v2\/comments?post=4195"}],"version-history":[{"count":11,"href":"https:\/\/infojeunes09.fr\/index.php\/wp-json\/wp\/v2\/posts\/4195\/revisions"}],"predecessor-version":[{"id":4233,"href":"https:\/\/infojeunes09.fr\/index.php\/wp-json\/wp\/v2\/posts\/4195\/revisions\/4233"}],"wp:featuredmedia":[{"embeddable":true,"href":"https:\/\/infojeunes09.fr\/index.php\/wp-json\/wp\/v2\/media\/4231"}],"wp:attachment":[{"href":"https:\/\/infojeunes09.fr\/index.php\/wp-json\/wp\/v2\/media?parent=4195"}],"wp:term":[{"taxonomy":"category","embeddable":true,"href":"https:\/\/infojeunes09.fr\/index.php\/wp-json\/wp\/v2\/categories?post=4195"},{"taxonomy":"post_tag","embeddable":true,"href":"https:\/\/infojeunes09.fr\/index.php\/wp-json\/wp\/v2\/tags?post=4195"}],"curies":[{"name":"wp","href":"https:\/\/api.w.org\/{rel}","templated":true}]}}