{"id":5557,"date":"2025-05-14T14:36:50","date_gmt":"2025-05-14T12:36:50","guid":{"rendered":"https:\/\/infojeunes09.fr\/?p=5557"},"modified":"2025-05-16T17:10:24","modified_gmt":"2025-05-16T15:10:24","slug":"infojeunes09-recrute","status":"publish","type":"post","link":"https:\/\/infojeunes09.fr\/index.php\/2025\/05\/14\/infojeunes09-recrute\/","title":{"rendered":"Infojeunes09 recrute !"},"content":{"rendered":"\n<p>InfoJeunes 09 cherche son charg\u00e9 d\u2019accueil et de communication dans le cadre du dispositif \u00ab Welcome Desk 09 \u00bb \u00e0 l\u2019universit\u00e9 de l\u2019Ari\u00e8ge \u00e0 Foix.<\/p>\n\n\n\n<p><strong>Poste en alternance, d\u00e9but mission fin ao\u00fbt<\/strong>.<br>Rejoins une \u00e9quipe engag\u00e9e pour la vie \u00e9tudiante en Ari\u00e8ge !<br><br><strong>Tes Missions principales<\/strong><\/p>\n\n\n\n<ul class=\"wp-block-list\">\n<li>Accueillir activement et informer les \u00e9tudiant\u00b7es<\/li>\n\n\n\n<li>Animer les r\u00e9seaux sociaux et le site Welcome Desk<\/li>\n\n\n\n<li>Participer \u00e0 l&rsquo;organisation d&rsquo;\u00e9v\u00e9nements<\/li>\n\n\n\n<li>Cr\u00e9er des contenus (visuels, vid\u00e9os, textes)<\/li>\n\n\n\n<li>Travailler en lien avec les partenaires du territoire<\/li>\n<\/ul>\n\n\n\n<p><\/p>\n\n\n\n<p><strong>Profil recherch\u00e9<\/strong><\/p>\n\n\n\n<ul class=\"wp-block-list\">\n<li>Tr\u00e8s bon sens du contact<\/li>\n\n\n\n<li>Tr\u00e8s bonne ma\u00eetrise des outils num\u00e9riques et des r\u00e9seaux sociaux<\/li>\n\n\n\n<li>Bonnes capacit\u00e9s r\u00e9dactionnelles<\/li>\n\n\n\n<li>Bonnes connaissances de la vie locale<\/li>\n\n\n\n<li>Organis\u00e9\u00b7e, cr\u00e9atif\u00b7ve, autonome<\/li>\n\n\n\n<li>\u00c9tudiant\u00b7e en Licence 3 Communication<\/li>\n\n\n\n<li>Permis B souhait\u00e9<\/li>\n<\/ul>\n\n\n\n<p><br><strong>Pour postuler<\/strong><br>Merci d\u2019envoyer ta candidature \u00e0 bij09.foix@crij.org<\/p>\n\n\n\n<p>Contact : 06 30 99 14 96<\/p>\n\n\n\n<p><strong>Lire l&rsquo;annonce compl\u00e8te : <\/strong><\/p>\n\n\n\n<div data-wp-interactive=\"core\/file\" class=\"wp-block-file\"><object data-wp-bind--hidden=\"!state.hasPdfPreview\" hidden class=\"wp-block-file__embed\" data=\"https:\/\/infojeunes09.fr\/wp-content\/uploads\/2025\/05\/annonce_welcome_desk-alternance.pdf\" type=\"application\/pdf\" style=\"width:100%;height:600px\" aria-label=\"Contenu embarqu\u00e9 annonce_welcome_desk alternance.\"><\/object><a id=\"wp-block-file--media-500fc6fb-96ee-4f3f-a4ff-52fb80dee9c4\" href=\"https:\/\/infojeunes09.fr\/wp-content\/uploads\/2025\/05\/annonce_welcome_desk-alternance.pdf\">annonce_welcome_desk alternance<\/a><a href=\"https:\/\/infojeunes09.fr\/wp-content\/uploads\/2025\/05\/annonce_welcome_desk-alternance.pdf\" class=\"wp-block-file__button wp-element-button\" download aria-describedby=\"wp-block-file--media-500fc6fb-96ee-4f3f-a4ff-52fb80dee9c4\">T\u00e9l\u00e9charger<\/a><\/div>\n","protected":false},"excerpt":{"rendered":"<p>InfoJeunes 09 cherche son charg\u00e9 d\u2019accueil et de communication dans le cadre du dispositif \u00ab Welcome Desk 09 \u00bb \u00e0 l\u2019universit\u00e9 de l\u2019Ari\u00e8ge \u00e0 Foix. Poste en alternance, d\u00e9but mission fin ao\u00fbt.Rejoins une \u00e9quipe engag\u00e9e pour la vie \u00e9tudiante en Ari\u00e8ge ! Tes Missions principales Profil recherch\u00e9 Pour postulerMerci d\u2019envoyer ta candidature \u00e0 bij09.foix@crij.org Contact &hellip; <\/p>\n<p class=\"link-more\"><a href=\"https:\/\/infojeunes09.fr\/index.php\/2025\/05\/14\/infojeunes09-recrute\/\" class=\"more-link\">Continuer la lecture<span class=\"screen-reader-text\"> de &laquo;&nbsp;Infojeunes09 recrute !&nbsp;&raquo;<\/span><\/a><\/p>\n","protected":false},"author":1,"featured_media":5021,"comment_status":"closed","ping_status":"closed","sticky":false,"template":"","format":"standard","meta":{"_bbp_topic_count":0,"_bbp_reply_count":0,"_bbp_total_topic_count":0,"_bbp_total_reply_count":0,"_bbp_voice_count":0,"_bbp_anonymous_reply_count":0,"_bbp_topic_count_hidden":0,"_bbp_reply_count_hidden":0,"_bbp_forum_subforum_count":0,"footnotes":""},"categories":[2],"tags":[],"class_list":["post-5557","post","type-post","status-publish","format-standard","has-post-thumbnail","hentry","category-infos"],"yoast_head":"<!-- This site is optimized with the Yoast SEO plugin v27.0 - https:\/\/yoast.com\/product\/yoast-seo-wordpress\/ -->\n<title>Infojeunes09 recrute ! - InfoJeunes Ari\u00e8ge et Agglo Foix-Varilhes<\/title>\n<meta name=\"robots\" content=\"index, follow, max-snippet:-1, max-image-preview:large, max-video-preview:-1\" \/>\n<link rel=\"canonical\" href=\"https:\/\/infojeunes09.fr\/index.php\/2025\/05\/14\/infojeunes09-recrute\/\" \/>\n<meta property=\"og:locale\" content=\"fr_FR\" \/>\n<meta property=\"og:type\" content=\"article\" \/>\n<meta property=\"og:title\" content=\"Infojeunes09 recrute ! - InfoJeunes Ari\u00e8ge et Agglo Foix-Varilhes\" \/>\n<meta property=\"og:description\" content=\"InfoJeunes 09 cherche son charg\u00e9 d\u2019accueil et de communication dans le cadre du dispositif \u00ab Welcome Desk 09 \u00bb \u00e0 l\u2019universit\u00e9 de l\u2019Ari\u00e8ge \u00e0 Foix. Poste en alternance, d\u00e9but mission fin ao\u00fbt.Rejoins une \u00e9quipe engag\u00e9e pour la vie \u00e9tudiante en Ari\u00e8ge ! Tes Missions principales Profil recherch\u00e9 Pour postulerMerci d\u2019envoyer ta candidature \u00e0 bij09.foix@crij.org Contact &hellip; Continuer la lecture de &laquo;&nbsp;Infojeunes09 recrute !&nbsp;&raquo;\" \/>\n<meta property=\"og:url\" content=\"https:\/\/infojeunes09.fr\/index.php\/2025\/05\/14\/infojeunes09-recrute\/\" \/>\n<meta property=\"og:site_name\" content=\"InfoJeunes Ari\u00e8ge et Agglo Foix-Varilhes\" \/>\n<meta property=\"article:publisher\" content=\"https:\/\/www.facebook.com\/Infojeunes09\/\" \/>\n<meta property=\"article:published_time\" content=\"2025-05-14T12:36:50+00:00\" \/>\n<meta property=\"article:modified_time\" content=\"2025-05-16T15:10:24+00:00\" \/>\n<meta property=\"og:image\" content=\"https:\/\/infojeunes09.fr\/wp-content\/uploads\/2024\/02\/sigle-bleu-Agglo-Foix-Varilhes-et-ariege@2x.png\" \/>\n\t<meta property=\"og:image:width\" content=\"562\" \/>\n\t<meta property=\"og:image:height\" content=\"562\" \/>\n\t<meta property=\"og:image:type\" content=\"image\/png\" \/>\n<meta name=\"author\" content=\"Infojeunes09\" \/>\n<meta name=\"twitter:card\" content=\"summary_large_image\" \/>\n<meta name=\"twitter:label1\" content=\"\u00c9crit par\" \/>\n\t<meta name=\"twitter:data1\" content=\"Infojeunes09\" \/>\n\t<meta name=\"twitter:label2\" content=\"Dur\u00e9e de lecture estim\u00e9e\" \/>\n\t<meta name=\"twitter:data2\" content=\"1 minute\" \/>\n<script type=\"application\/ld+json\" class=\"yoast-schema-graph\">{\"@context\":\"https:\/\/schema.org\",\"@graph\":[{\"@type\":\"Article\",\"@id\":\"https:\/\/infojeunes09.fr\/index.php\/2025\/05\/14\/infojeunes09-recrute\/#article\",\"isPartOf\":{\"@id\":\"https:\/\/infojeunes09.fr\/index.php\/2025\/05\/14\/infojeunes09-recrute\/\"},\"author\":{\"name\":\"Infojeunes09\",\"@id\":\"https:\/\/infojeunes09.fr\/#\/schema\/person\/f76a5cc020b21770b2f833505605e588\"},\"headline\":\"Infojeunes09 recrute !\",\"datePublished\":\"2025-05-14T12:36:50+00:00\",\"dateModified\":\"2025-05-16T15:10:24+00:00\",\"mainEntityOfPage\":{\"@id\":\"https:\/\/infojeunes09.fr\/index.php\/2025\/05\/14\/infojeunes09-recrute\/\"},\"wordCount\":157,\"publisher\":{\"@id\":\"https:\/\/infojeunes09.fr\/#organization\"},\"image\":{\"@id\":\"https:\/\/infojeunes09.fr\/index.php\/2025\/05\/14\/infojeunes09-recrute\/#primaryimage\"},\"thumbnailUrl\":\"https:\/\/infojeunes09.fr\/wp-content\/uploads\/2024\/02\/sigle-bleu-Agglo-Foix-Varilhes-et-ariege@2x.png\",\"articleSection\":[\"Infos\"],\"inLanguage\":\"fr-FR\"},{\"@type\":\"WebPage\",\"@id\":\"https:\/\/infojeunes09.fr\/index.php\/2025\/05\/14\/infojeunes09-recrute\/\",\"url\":\"https:\/\/infojeunes09.fr\/index.php\/2025\/05\/14\/infojeunes09-recrute\/\",\"name\":\"Infojeunes09 recrute ! - InfoJeunes Ari\u00e8ge et Agglo Foix-Varilhes\",\"isPartOf\":{\"@id\":\"https:\/\/infojeunes09.fr\/#website\"},\"primaryImageOfPage\":{\"@id\":\"https:\/\/infojeunes09.fr\/index.php\/2025\/05\/14\/infojeunes09-recrute\/#primaryimage\"},\"image\":{\"@id\":\"https:\/\/infojeunes09.fr\/index.php\/2025\/05\/14\/infojeunes09-recrute\/#primaryimage\"},\"thumbnailUrl\":\"https:\/\/infojeunes09.fr\/wp-content\/uploads\/2024\/02\/sigle-bleu-Agglo-Foix-Varilhes-et-ariege@2x.png\",\"datePublished\":\"2025-05-14T12:36:50+00:00\",\"dateModified\":\"2025-05-16T15:10:24+00:00\",\"breadcrumb\":{\"@id\":\"https:\/\/infojeunes09.fr\/index.php\/2025\/05\/14\/infojeunes09-recrute\/#breadcrumb\"},\"inLanguage\":\"fr-FR\",\"potentialAction\":[{\"@type\":\"ReadAction\",\"target\":[\"https:\/\/infojeunes09.fr\/index.php\/2025\/05\/14\/infojeunes09-recrute\/\"]}]},{\"@type\":\"ImageObject\",\"inLanguage\":\"fr-FR\",\"@id\":\"https:\/\/infojeunes09.fr\/index.php\/2025\/05\/14\/infojeunes09-recrute\/#primaryimage\",\"url\":\"https:\/\/infojeunes09.fr\/wp-content\/uploads\/2024\/02\/sigle-bleu-Agglo-Foix-Varilhes-et-ariege@2x.png\",\"contentUrl\":\"https:\/\/infojeunes09.fr\/wp-content\/uploads\/2024\/02\/sigle-bleu-Agglo-Foix-Varilhes-et-ariege@2x.png\",\"width\":562,\"height\":562},{\"@type\":\"BreadcrumbList\",\"@id\":\"https:\/\/infojeunes09.fr\/index.php\/2025\/05\/14\/infojeunes09-recrute\/#breadcrumb\",\"itemListElement\":[{\"@type\":\"ListItem\",\"position\":1,\"name\":\"Accueil\",\"item\":\"https:\/\/infojeunes09.fr\/\"},{\"@type\":\"ListItem\",\"position\":2,\"name\":\"Infojeunes09 recrute !\"}]},{\"@type\":\"WebSite\",\"@id\":\"https:\/\/infojeunes09.fr\/#website\",\"url\":\"https:\/\/infojeunes09.fr\/\",\"name\":\"InfoJeunes Ari\u00e8ge et Agglo Foix-Varilhes\",\"description\":\"Explorer les possibles\",\"publisher\":{\"@id\":\"https:\/\/infojeunes09.fr\/#organization\"},\"potentialAction\":[{\"@type\":\"SearchAction\",\"target\":{\"@type\":\"EntryPoint\",\"urlTemplate\":\"https:\/\/infojeunes09.fr\/?s={search_term_string}\"},\"query-input\":{\"@type\":\"PropertyValueSpecification\",\"valueRequired\":true,\"valueName\":\"search_term_string\"}}],\"inLanguage\":\"fr-FR\"},{\"@type\":\"Organization\",\"@id\":\"https:\/\/infojeunes09.fr\/#organization\",\"name\":\"InfoJeunes Agglo Foix-Varilhes et Ari\u00e8ge\",\"url\":\"https:\/\/infojeunes09.fr\/\",\"logo\":{\"@type\":\"ImageObject\",\"inLanguage\":\"fr-FR\",\"@id\":\"https:\/\/infojeunes09.fr\/#\/schema\/logo\/image\/\",\"url\":\"https:\/\/infojeunes09.fr\/wp-content\/uploads\/2022\/07\/logo-bleu-Agglo-Foix-Varilhes-et-ariege@2x.png\",\"contentUrl\":\"https:\/\/infojeunes09.fr\/wp-content\/uploads\/2022\/07\/logo-bleu-Agglo-Foix-Varilhes-et-ariege@2x.png\",\"width\":800,\"height\":400,\"caption\":\"InfoJeunes Agglo Foix-Varilhes et Ari\u00e8ge\"},\"image\":{\"@id\":\"https:\/\/infojeunes09.fr\/#\/schema\/logo\/image\/\"},\"sameAs\":[\"https:\/\/www.facebook.com\/Infojeunes09\/\",\"https:\/\/www.instagram.com\/infojeunes09\/\"]},{\"@type\":\"Person\",\"@id\":\"https:\/\/infojeunes09.fr\/#\/schema\/person\/f76a5cc020b21770b2f833505605e588\",\"name\":\"Infojeunes09\",\"sameAs\":[\"http:\/\/infojeunes09.org\"],\"url\":\"https:\/\/infojeunes09.fr\/index.php\/author\/admin4815\/\"}]}<\/script>\n<!-- \/ Yoast SEO plugin. -->","yoast_head_json":{"title":"Infojeunes09 recrute ! - InfoJeunes Ari\u00e8ge et Agglo Foix-Varilhes","robots":{"index":"index","follow":"follow","max-snippet":"max-snippet:-1","max-image-preview":"max-image-preview:large","max-video-preview":"max-video-preview:-1"},"canonical":"https:\/\/infojeunes09.fr\/index.php\/2025\/05\/14\/infojeunes09-recrute\/","og_locale":"fr_FR","og_type":"article","og_title":"Infojeunes09 recrute ! - InfoJeunes Ari\u00e8ge et Agglo Foix-Varilhes","og_description":"InfoJeunes 09 cherche son charg\u00e9 d\u2019accueil et de communication dans le cadre du dispositif \u00ab Welcome Desk 09 \u00bb \u00e0 l\u2019universit\u00e9 de l\u2019Ari\u00e8ge \u00e0 Foix. Poste en alternance, d\u00e9but mission fin ao\u00fbt.Rejoins une \u00e9quipe engag\u00e9e pour la vie \u00e9tudiante en Ari\u00e8ge ! Tes Missions principales Profil recherch\u00e9 Pour postulerMerci d\u2019envoyer ta candidature \u00e0 bij09.foix@crij.org Contact &hellip; Continuer la lecture de &laquo;&nbsp;Infojeunes09 recrute !&nbsp;&raquo;","og_url":"https:\/\/infojeunes09.fr\/index.php\/2025\/05\/14\/infojeunes09-recrute\/","og_site_name":"InfoJeunes Ari\u00e8ge et Agglo Foix-Varilhes","article_publisher":"https:\/\/www.facebook.com\/Infojeunes09\/","article_published_time":"2025-05-14T12:36:50+00:00","article_modified_time":"2025-05-16T15:10:24+00:00","og_image":[{"width":562,"height":562,"url":"https:\/\/infojeunes09.fr\/wp-content\/uploads\/2024\/02\/sigle-bleu-Agglo-Foix-Varilhes-et-ariege@2x.png","type":"image\/png"}],"author":"Infojeunes09","twitter_card":"summary_large_image","twitter_misc":{"\u00c9crit par":"Infojeunes09","Dur\u00e9e de lecture estim\u00e9e":"1 minute"},"schema":{"@context":"https:\/\/schema.org","@graph":[{"@type":"Article","@id":"https:\/\/infojeunes09.fr\/index.php\/2025\/05\/14\/infojeunes09-recrute\/#article","isPartOf":{"@id":"https:\/\/infojeunes09.fr\/index.php\/2025\/05\/14\/infojeunes09-recrute\/"},"author":{"name":"Infojeunes09","@id":"https:\/\/infojeunes09.fr\/#\/schema\/person\/f76a5cc020b21770b2f833505605e588"},"headline":"Infojeunes09 recrute !","datePublished":"2025-05-14T12:36:50+00:00","dateModified":"2025-05-16T15:10:24+00:00","mainEntityOfPage":{"@id":"https:\/\/infojeunes09.fr\/index.php\/2025\/05\/14\/infojeunes09-recrute\/"},"wordCount":157,"publisher":{"@id":"https:\/\/infojeunes09.fr\/#organization"},"image":{"@id":"https:\/\/infojeunes09.fr\/index.php\/2025\/05\/14\/infojeunes09-recrute\/#primaryimage"},"thumbnailUrl":"https:\/\/infojeunes09.fr\/wp-content\/uploads\/2024\/02\/sigle-bleu-Agglo-Foix-Varilhes-et-ariege@2x.png","articleSection":["Infos"],"inLanguage":"fr-FR"},{"@type":"WebPage","@id":"https:\/\/infojeunes09.fr\/index.php\/2025\/05\/14\/infojeunes09-recrute\/","url":"https:\/\/infojeunes09.fr\/index.php\/2025\/05\/14\/infojeunes09-recrute\/","name":"Infojeunes09 recrute ! - InfoJeunes Ari\u00e8ge et Agglo Foix-Varilhes","isPartOf":{"@id":"https:\/\/infojeunes09.fr\/#website"},"primaryImageOfPage":{"@id":"https:\/\/infojeunes09.fr\/index.php\/2025\/05\/14\/infojeunes09-recrute\/#primaryimage"},"image":{"@id":"https:\/\/infojeunes09.fr\/index.php\/2025\/05\/14\/infojeunes09-recrute\/#primaryimage"},"thumbnailUrl":"https:\/\/infojeunes09.fr\/wp-content\/uploads\/2024\/02\/sigle-bleu-Agglo-Foix-Varilhes-et-ariege@2x.png","datePublished":"2025-05-14T12:36:50+00:00","dateModified":"2025-05-16T15:10:24+00:00","breadcrumb":{"@id":"https:\/\/infojeunes09.fr\/index.php\/2025\/05\/14\/infojeunes09-recrute\/#breadcrumb"},"inLanguage":"fr-FR","potentialAction":[{"@type":"ReadAction","target":["https:\/\/infojeunes09.fr\/index.php\/2025\/05\/14\/infojeunes09-recrute\/"]}]},{"@type":"ImageObject","inLanguage":"fr-FR","@id":"https:\/\/infojeunes09.fr\/index.php\/2025\/05\/14\/infojeunes09-recrute\/#primaryimage","url":"https:\/\/infojeunes09.fr\/wp-content\/uploads\/2024\/02\/sigle-bleu-Agglo-Foix-Varilhes-et-ariege@2x.png","contentUrl":"https:\/\/infojeunes09.fr\/wp-content\/uploads\/2024\/02\/sigle-bleu-Agglo-Foix-Varilhes-et-ariege@2x.png","width":562,"height":562},{"@type":"BreadcrumbList","@id":"https:\/\/infojeunes09.fr\/index.php\/2025\/05\/14\/infojeunes09-recrute\/#breadcrumb","itemListElement":[{"@type":"ListItem","position":1,"name":"Accueil","item":"https:\/\/infojeunes09.fr\/"},{"@type":"ListItem","position":2,"name":"Infojeunes09 recrute !"}]},{"@type":"WebSite","@id":"https:\/\/infojeunes09.fr\/#website","url":"https:\/\/infojeunes09.fr\/","name":"InfoJeunes Ari\u00e8ge et Agglo Foix-Varilhes","description":"Explorer les possibles","publisher":{"@id":"https:\/\/infojeunes09.fr\/#organization"},"potentialAction":[{"@type":"SearchAction","target":{"@type":"EntryPoint","urlTemplate":"https:\/\/infojeunes09.fr\/?s={search_term_string}"},"query-input":{"@type":"PropertyValueSpecification","valueRequired":true,"valueName":"search_term_string"}}],"inLanguage":"fr-FR"},{"@type":"Organization","@id":"https:\/\/infojeunes09.fr\/#organization","name":"InfoJeunes Agglo Foix-Varilhes et Ari\u00e8ge","url":"https:\/\/infojeunes09.fr\/","logo":{"@type":"ImageObject","inLanguage":"fr-FR","@id":"https:\/\/infojeunes09.fr\/#\/schema\/logo\/image\/","url":"https:\/\/infojeunes09.fr\/wp-content\/uploads\/2022\/07\/logo-bleu-Agglo-Foix-Varilhes-et-ariege@2x.png","contentUrl":"https:\/\/infojeunes09.fr\/wp-content\/uploads\/2022\/07\/logo-bleu-Agglo-Foix-Varilhes-et-ariege@2x.png","width":800,"height":400,"caption":"InfoJeunes Agglo Foix-Varilhes et Ari\u00e8ge"},"image":{"@id":"https:\/\/infojeunes09.fr\/#\/schema\/logo\/image\/"},"sameAs":["https:\/\/www.facebook.com\/Infojeunes09\/","https:\/\/www.instagram.com\/infojeunes09\/"]},{"@type":"Person","@id":"https:\/\/infojeunes09.fr\/#\/schema\/person\/f76a5cc020b21770b2f833505605e588","name":"Infojeunes09","sameAs":["http:\/\/infojeunes09.org"],"url":"https:\/\/infojeunes09.fr\/index.php\/author\/admin4815\/"}]}},"_links":{"self":[{"href":"https:\/\/infojeunes09.fr\/index.php\/wp-json\/wp\/v2\/posts\/5557","targetHints":{"allow":["GET"]}}],"collection":[{"href":"https:\/\/infojeunes09.fr\/index.php\/wp-json\/wp\/v2\/posts"}],"about":[{"href":"https:\/\/infojeunes09.fr\/index.php\/wp-json\/wp\/v2\/types\/post"}],"author":[{"embeddable":true,"href":"https:\/\/infojeunes09.fr\/index.php\/wp-json\/wp\/v2\/users\/1"}],"replies":[{"embeddable":true,"href":"https:\/\/infojeunes09.fr\/index.php\/wp-json\/wp\/v2\/comments?post=5557"}],"version-history":[{"count":2,"href":"https:\/\/infojeunes09.fr\/index.php\/wp-json\/wp\/v2\/posts\/5557\/revisions"}],"predecessor-version":[{"id":5560,"href":"https:\/\/infojeunes09.fr\/index.php\/wp-json\/wp\/v2\/posts\/5557\/revisions\/5560"}],"wp:featuredmedia":[{"embeddable":true,"href":"https:\/\/infojeunes09.fr\/index.php\/wp-json\/wp\/v2\/media\/5021"}],"wp:attachment":[{"href":"https:\/\/infojeunes09.fr\/index.php\/wp-json\/wp\/v2\/media?parent=5557"}],"wp:term":[{"taxonomy":"category","embeddable":true,"href":"https:\/\/infojeunes09.fr\/index.php\/wp-json\/wp\/v2\/categories?post=5557"},{"taxonomy":"post_tag","embeddable":true,"href":"https:\/\/infojeunes09.fr\/index.php\/wp-json\/wp\/v2\/tags?post=5557"}],"curies":[{"name":"wp","href":"https:\/\/api.w.org\/{rel}","templated":true}]}}